{"id":14179,"date":"2025-05-26T19:04:30","date_gmt":"2025-05-26T19:04:30","guid":{"rendered":"https:\/\/e-zeppelin.ro\/en\/?p=14179"},"modified":"2025-05-27T12:01:49","modified_gmt":"2025-05-27T12:01:49","slug":"local-gesture-global-impact-interview-with-javier-pena-ibanez-director-of-concentrico-the-international-festival-of-design-and-architecture-in-logrono","status":"publish","type":"post","link":"https:\/\/e-zeppelin.ro\/en\/local-gesture-global-impact-interview-with-javier-pena-ibanez-director-of-concentrico-the-international-festival-of-design-and-architecture-in-logrono\/","title":{"rendered":"Local Gesture, Global Impact. Interview with Javier Pe\u00f1a Ib\u00e1\u00f1ez, Director of Conc\u00e9ntrico, the International Festival of Design and Architecture in Logro\u00f1o"},"content":{"rendered":"<!DOCTYPE html PUBLIC \"-\/\/W3C\/\/DTD HTML 4.0 Transitional\/\/EN\" \"http:\/\/www.w3.org\/TR\/REC-html40\/loose.dtd\">\n<html><body><p>Reporter: <strong>C&#259;t&#259;lina Fr&acirc;ncu<\/strong><br>\nPhoto: <strong>Josema Cutillas<\/strong> <!--more--><\/p>\n<h1><strong>INTRO<\/strong><\/h1>\n<p>Javier Pe&ntilde;a Ib&aacute;&ntilde;ez started the Conc&eacute;ntrico festival in Logro&ntilde;o during his student years. From the outset, curiosity and experimentation were the pillars on which the future of this initiative was built&mdash;an initiative which now takes place in Madrid and Barcelona, with interventions also in Bucharest. Javier has worked with ministries and civic organisations, curated biennales, and served as the artistic director of several architecture festivals. A significant part of his practice involves architectural education, with teaching roles at institutions including the Istituto Europeo di Design, Universidad Francisco de Vitoria, DMAD, IESP Faculdades (Brazil), Cornell University&rsquo;s College of Architecture, Art, and Planning (Rome), and the Architectural Association School of Architecture (London). Javier Pe&ntilde;a Ib&aacute;&ntilde;ez believes in the power of small, community-driven, yet attentive and context-aware gestures to transform the face of architecture and cities.<\/p>\n<p>We spoke to him during Romanian Design Week, following his talk about Conc&eacute;ntrico at the Cervantes Institute, about gentrification, the evolution of the festival, and what the future might hold in a fast-changing world.<\/p>\n<p>Javier Pe&ntilde;a Ib&aacute;&ntilde;ez was in Bucharest at the joint invitation of the Cervantes Institute and RDW, where he was present with the exhibition Conc&eacute;ntrico.10 years, curated jointly by Javier and Justin Baroncea.<\/p>\n<p><a title=\"_N8A1733_foto Asier Rua\" href=\"https:\/\/e-zeppelin.ro\/wp-content\/uploads\/2025\/05\/N8A1733_foto-Asier-Rua-scaled.jpg\" data-lightbox=\"https:\/\/e-zeppelin.ro\/wp-content\/uploads\/2025\/05\/N8A1733_foto-Asier-Rua-scaled.jpg\"><img decoding=\"async\" src=\"https:\/\/e-zeppelin.ro\/wp-content\/uploads\/2025\/05\/N8A1733_foto-Asier-Rua-scaled.jpg\" alt=\"_N8A1733_foto Asier Rua\"><\/a><span style=\"font-size: 10pt;\"><em>photo: Asier Rua<\/em><\/span><\/p>\n<p><strong>C&#259;t&#259;lina Fr&acirc;ncu<\/strong>: Over all the years you&rsquo;ve curated Conc&eacute;ntrico, have you seen changes in your curatorial approach?<\/p>\n<p><strong>Javier Pe&ntilde;a Ib&aacute;&ntilde;ez<\/strong>: Of course it has changed! Neither we nor the cities are the same anymore. We&rsquo;ve always tried to anticipate pressing issues, and today I believe the conversation is mostly centred around climate change&mdash;an area we&rsquo;ve always addressed in the festival. It has gradually emerged as a potential answer to many other issues, making room for nuance. In the book we&rsquo;re publishing now, we&rsquo;ve distilled several major themes that we tackle in the festival and our other initiatives. We&rsquo;re now reordering these themes, and I really like this idea of fiction accompanying our gestures&mdash;helping us rise above the harshness of reality and offering a broader perspective. It helps free us from prejudice and to approach things with awareness of local specificities. This analytical capacity offers a general vision.<\/p>\n<p>&nbsp;<\/p>\n<p><strong><a title=\"_E7A0125\" href=\"https:\/\/e-zeppelin.ro\/wp-content\/uploads\/2025\/05\/E7A0125-scaled.jpg\" data-lightbox=\"https:\/\/e-zeppelin.ro\/wp-content\/uploads\/2025\/05\/E7A0125-scaled.jpg\"><img decoding=\"async\" src=\"https:\/\/e-zeppelin.ro\/wp-content\/uploads\/2025\/05\/E7A0125-scaled.jpg\" alt=\"_E7A0125\"><\/a><\/strong><\/p>\n<p>&nbsp;<\/p>\n<p><strong>CF<\/strong>: In this context of climate crisis, what common responses do you see in the cities where you work?<\/p>\n<p><strong>Javier:<\/strong> I think the main climate-related issues in cities are linked to ground porosity and how mineralised they are. We can see the asphalt and pavement right here&mdash;the soil underneath is barren. Because of these conditions, cities have been weakened by the priorities they&rsquo;ve pursued until now. When we started Conc&eacute;ntrico, mayors played a central role in guiding people&rsquo;s values and emotional connection to place. Nowadays, it&rsquo;s more about national governments driving the conversation. These have become dominant forces that no longer concern themselves with the small and immediate but rather focus on systemic impact. The current debate is increasingly about military security, which shifts attention away from the local and immediate. That said, broad responses are now harder to generate by the entities that should be dealing with them. Great care needs to be given to particularity.<\/p>\n<p>&nbsp;<\/p>\n<p><a title=\"kDv2GPDs\" href=\"https:\/\/e-zeppelin.ro\/wp-content\/uploads\/2025\/05\/kDv2GPDs.jpeg\" data-lightbox=\"https:\/\/e-zeppelin.ro\/wp-content\/uploads\/2025\/05\/kDv2GPDs.jpeg\"><img decoding=\"async\" src=\"https:\/\/e-zeppelin.ro\/wp-content\/uploads\/2025\/05\/kDv2GPDs.jpeg\" alt=\"kDv2GPDs\"><\/a><\/p>\n<p>&nbsp;<\/p>\n<p><strong>CF<\/strong>: So should we be helping people to take more responsibility in their communities?<\/p>\n<p>Javier: Yes, for me it&rsquo;s essential to generate knowledge. To offer tools without being dogmatic, allowing people to act according to their own context. The more voices you listen to, the better the solution you construct. In Spain, there&rsquo;s a major issue with managing public space and housing between residents and tourists. Even the price of a beer depends on who pays for it&mdash;a local who goes to the bar weekly to meet friends, or a tourist who visits once and can afford to pay more. We want to open greenhouses in the city centre of Logro&ntilde;o to demonstrate that free spaces can become places for civic engagement&mdash;where people can gather without having to consume. The project is highly adaptable and flexible.<\/p>\n<p>&nbsp;<\/p>\n<p><a title=\"default\" href=\"https:\/\/e-zeppelin.ro\/wp-content\/uploads\/2025\/05\/0003-c-Laurian-Ghinitoiu-scaled.jpg\" data-lightbox=\"https:\/\/e-zeppelin.ro\/wp-content\/uploads\/2025\/05\/0003-c-Laurian-Ghinitoiu-scaled.jpg\"><img decoding=\"async\" src=\"https:\/\/e-zeppelin.ro\/wp-content\/uploads\/2025\/05\/0003-c-Laurian-Ghinitoiu-scaled.jpg\" alt=\"default\"><\/a><\/p>\n<p>&nbsp;<\/p>\n<p><strong>CF<\/strong>: How has the city changed since the festival began?<\/p>\n<p><strong>JPI<\/strong>: The change has been more social and civic than physical. We also have a climate island project aimed at showing how the city can be changed permanently through such interventions. It&rsquo;s the first step we want to take here, beginning in 2026. It&rsquo;s a research-based project, a more agile format that can generate other initiatives, like the one we&rsquo;ve developed for schools. It&rsquo;s a different way of working with permanence&mdash;not so much about the physical, but rather how things function.<\/p>\n<p>&nbsp;<\/p>\n<p><a title=\"61_Concentrico_28_abril_DSCF0229\" href=\"https:\/\/e-zeppelin.ro\/wp-content\/uploads\/2025\/05\/61_Concentrico_28_abril_DSCF0229-1-scaled.jpg\" data-lightbox=\"https:\/\/e-zeppelin.ro\/wp-content\/uploads\/2025\/05\/61_Concentrico_28_abril_DSCF0229-1-scaled.jpg\"><img decoding=\"async\" src=\"https:\/\/e-zeppelin.ro\/wp-content\/uploads\/2025\/05\/61_Concentrico_28_abril_DSCF0229-1-scaled.jpg\" alt=\"61_Concentrico_28_abril_DSCF0229\"><\/a><\/p>\n<p>&nbsp;<\/p>\n<p><strong>CF<\/strong>: When we implement urban improvement projects, there&rsquo;s always a risk of gentrification. How do you avoid such negative consequences?<\/p>\n<p><strong>Javier<\/strong>: We work extensively with social entities within the city. We aimed to reactivate greenhouses&mdash;an effort that has sparked several initiatives. Sure, many locals and tourists alike use and discover them, but because they aren&rsquo;t based on consumption, they carry community value.<\/p>\n<p>&nbsp;<\/p>\n<p><a title=\"139_Concentrico_27_abril_DSCF9648\" href=\"https:\/\/e-zeppelin.ro\/wp-content\/uploads\/2025\/05\/139_Concentrico_27_abril_DSCF9648-1-scaled.jpg\" data-lightbox=\"https:\/\/e-zeppelin.ro\/wp-content\/uploads\/2025\/05\/139_Concentrico_27_abril_DSCF9648-1-scaled.jpg\"><img decoding=\"async\" src=\"https:\/\/e-zeppelin.ro\/wp-content\/uploads\/2025\/05\/139_Concentrico_27_abril_DSCF9648-1-scaled.jpg\" alt=\"139_Concentrico_27_abril_DSCF9648\"><\/a><\/p>\n<p>&nbsp;<\/p>\n<p><strong>CF<\/strong>: I know you teach, and your practice is strongly informed by real-life engagement. What does the act of educating mean to you?<\/p>\n<p><strong>JPI<\/strong>: It&rsquo;s true I&rsquo;ve taught for many years, but recently I&rsquo;ve scaled back because the other projects have grown so much&mdash;I simply travel too often to commit to a full-term course or seminar. So now I focus more on workshops and compact courses. For me, being in touch with new generations is vital&mdash;it helps me stay aware of what&rsquo;s happening across all age and social groups. Education keeps you alert, always paying attention.<\/p>\n<p>&nbsp;<\/p>\n<p><a title=\"Conc&eacute;ntrico\" href=\"https:\/\/e-zeppelin.ro\/wp-content\/uploads\/2025\/05\/150.jpg\" data-lightbox=\"https:\/\/e-zeppelin.ro\/wp-content\/uploads\/2025\/05\/150.jpg\"><img decoding=\"async\" src=\"https:\/\/e-zeppelin.ro\/wp-content\/uploads\/2025\/05\/150.jpg\" alt=\"Conc&eacute;ntrico\"><\/a><\/p>\n<p>&nbsp;<\/p>\n<p><strong>CF<\/strong>: If you were to compare your own education to what&rsquo;s happening in universities today, how would you describe it?<\/p>\n<p><strong>JPI<\/strong>: It was always very demanding. I know my education was very eclectic&mdash;from physics to art history&mdash;a layered and fascinating mix. It helps me relate to life in a very cross-disciplinary way.<\/p>\n<p>&nbsp;<\/p>\n<p><a title=\"194_Concentrico_27_abril_DSCF9762\" href=\"https:\/\/e-zeppelin.ro\/wp-content\/uploads\/2025\/05\/194_Concentrico_27_abril_DSCF9762-1-scaled.jpg\" data-lightbox=\"https:\/\/e-zeppelin.ro\/wp-content\/uploads\/2025\/05\/194_Concentrico_27_abril_DSCF9762-1-scaled.jpg\"><img decoding=\"async\" src=\"https:\/\/e-zeppelin.ro\/wp-content\/uploads\/2025\/05\/194_Concentrico_27_abril_DSCF9762-1-scaled.jpg\" alt=\"194_Concentrico_27_abril_DSCF9762\"><\/a><\/p>\n<p>&nbsp;<\/p>\n<p><strong>CF<\/strong>: What was the professional hierarchy like back then?<\/p>\n<p><strong>JPI<\/strong>: I think interests have shifted significantly. When we started Conc&eacute;ntrico, there was a big focus on the public image of architectural studios. Today, I think there&rsquo;s much more awareness of the complexity of reality. We now talk far more about architecture&rsquo;s social commitments. Nowadays, architecture is increasingly informed by the social sciences and studies on climate change, and it responds more robustly to those kinds of issues. What matters more now is not so much how a building looks, but how it helps alleviate difficult situations. The scale of an architectural object is less important than its impact on its context.<\/p>\n<p>&nbsp;<\/p>\n<p><a title=\"316_Concentrico_27_abril_DSCF9977\" href=\"https:\/\/e-zeppelin.ro\/wp-content\/uploads\/2025\/05\/316_Concentrico_27_abril_DSCF9977-scaled.jpg\" data-lightbox=\"https:\/\/e-zeppelin.ro\/wp-content\/uploads\/2025\/05\/316_Concentrico_27_abril_DSCF9977-scaled.jpg\"><img decoding=\"async\" src=\"https:\/\/e-zeppelin.ro\/wp-content\/uploads\/2025\/05\/316_Concentrico_27_abril_DSCF9977-scaled.jpg\" alt=\"316_Concentrico_27_abril_DSCF9977\"><\/a><\/p>\n<p>&nbsp;<\/p>\n<p><strong>CF:<\/strong> Would you say the role of the architect has also changed?<\/p>\n<p><strong>JPI<\/strong>: Yes, I&rsquo;d say the architect is no longer meant to play the role of a star. The profession is becoming more horizontal, and the range of career paths for trained architects is expanding. So yes, it has changed.<\/p>\n<p>&nbsp;<\/p>\n<p><a title=\"1973-2021 21\" href=\"https:\/\/e-zeppelin.ro\/wp-content\/uploads\/2025\/05\/1973-2021-21-1-scaled.jpg\" data-lightbox=\"https:\/\/e-zeppelin.ro\/wp-content\/uploads\/2025\/05\/1973-2021-21-1-scaled.jpg\"><img decoding=\"async\" src=\"https:\/\/e-zeppelin.ro\/wp-content\/uploads\/2025\/05\/1973-2021-21-1-scaled.jpg\" alt=\"1973-2021 21\"><\/a><\/p>\n<p>&nbsp;<\/p>\n<p><strong>CF<\/strong>: Would you say we&rsquo;re at an inflection point in the profession, similar to the Modern Movement?<\/p>\n<p><strong>JPI<\/strong>: I&rsquo;m not sure&mdash;the Modern Movement arose alongside the industrial revolution, a radical change in how things were done. Today, I&rsquo;d say the social dimension has been involved in architecture for several years, but perhaps not as universally as industrial progress once was. The Modern Movement was also centred in just a few regions&mdash;Europe, the US&hellip; But today, the world is more decentralised, so it&rsquo;s harder to disseminate a single idea globally. Plus, many starchitects still design for fame and image, so I&rsquo;d argue we haven&rsquo;t yet made that paradigm shift. There are several types of architecture coexisting. I also think it&rsquo;s cyclical. Authors still have a lot of visibility, while the social and collective side is often obscured by branding and raw capitalism.<\/p>\n<p>And then there&rsquo;s Instagram architecture. It&rsquo;s no longer the magazines that dictate what&rsquo;s trendy&mdash;it&rsquo;s likes and viral videos. That&rsquo;s something that should be studied, as the consequences could be quite complex.<\/p>\n<p>&nbsp;<\/p>\n<p><a title=\"A LA MESA 02\" href=\"https:\/\/e-zeppelin.ro\/wp-content\/uploads\/2025\/05\/A-LA-MESA-02-1-scaled.jpg\" data-lightbox=\"https:\/\/e-zeppelin.ro\/wp-content\/uploads\/2025\/05\/A-LA-MESA-02-1-scaled.jpg\"><img decoding=\"async\" src=\"https:\/\/e-zeppelin.ro\/wp-content\/uploads\/2025\/05\/A-LA-MESA-02-1-scaled.jpg\" alt=\"A LA MESA 02\"><\/a><\/p>\n<p>&nbsp;<\/p>\n<p><strong>CF<\/strong>: I&rsquo;ve noticed that temporary and ephemeral interventions can have a strong impact on how we view heritage, helping to demuseumify it.<\/p>\n<p><strong>JPI<\/strong>: Yes, museumification kills creativity. In cities where heritage is still contested, you see more vibrancy and life. There&rsquo;s more to be done, so there&rsquo;s space for experimentation. But in places where the &ldquo;problem&rdquo; is considered &ldquo;solved,&rdquo; nothing can be touched, which is frustrating&mdash;everything remains frozen in time.<\/p>\n<p>&nbsp;<\/p>\n<p><a title=\"ARBRE 23\" href=\"https:\/\/e-zeppelin.ro\/wp-content\/uploads\/2025\/05\/ARBRE-23-1-scaled.jpg\" data-lightbox=\"https:\/\/e-zeppelin.ro\/wp-content\/uploads\/2025\/05\/ARBRE-23-1-scaled.jpg\"><img decoding=\"async\" src=\"https:\/\/e-zeppelin.ro\/wp-content\/uploads\/2025\/05\/ARBRE-23-1-scaled.jpg\" alt=\"ARBRE 23\"><\/a><\/p>\n<p>&nbsp;<\/p>\n<p><strong>CF<\/strong>: Do you have a message for students?<\/p>\n<p><strong>JPI<\/strong>: That everyone should follow their own path. There&rsquo;s a lot of room for innovation. It&rsquo;s important not to get attached to any fixed notion of success&mdash;it&rsquo;s meaningless. Success comes when you pay attention to what&rsquo;s happening around you and respond. I think constant curiosity helps you never fall behind. And constant searching means encountering moments of confusion and failure. That&rsquo;s a good thing&mdash;a mistake is a lesson. We live in a world that always demands speed, clear and fixed solutions. For me, success means being able to take the time to understand things in depth. I always say: the better is the enemy of the good.<\/p>\n<p>&nbsp;<\/p>\n\n\t<style type='text\/css'>\n\t\t#gallery-1 {\n\t\t\tmargin: auto;\n\t\t}\n\t\t#gallery-1 .gallery-item {\n\t\t\tfloat: left;\n\t\t\tmargin-top: 10px;\n\t\t\ttext-align: center;\n\t\t\twidth: 33%;\n\t\t}\n\t\t#gallery-1 img {\n\t\t\t\n\t\t}\n\t\t#gallery-1 .gallery-caption {\n\t\t\tmargin-left: 0;\n\t\t}\n\t\t\/* see gallery_shortcode() in wp-includes\/media.php *\/\n\t<\/style>\n\t\t<div id='gallery-1' class='gallery galleryid-14179 gallery-columns-3 gallery-size-large'><dl class='gallery-item firstgallery'>\n\t\t<dt class='gallery-icon landscape'>\n\t\t\t<a href='https:\/\/e-zeppelin.ro\/en\/wp-content\/uploads\/sites\/2\/2025\/05\/E7A1476-scaled.jpg'  data-lightbox='gallery-1' title='_E7A1476'> <img loading=\"lazy\" decoding=\"async\" width=\"636\" height=\"358\" src=\"https:\/\/e-zeppelin.ro\/en\/wp-content\/uploads\/sites\/2\/2025\/05\/E7A1476-636x358.jpg\" class=\"attachment-first-gallery size-first-gallery\" alt=\"\" srcset=\"https:\/\/e-zeppelin.ro\/en\/wp-content\/uploads\/sites\/2\/2025\/05\/E7A1476-636x358.jpg 636w, https:\/\/e-zeppelin.ro\/en\/wp-content\/uploads\/sites\/2\/2025\/05\/E7A1476-190x108.jpg 190w\" \/><\/a>\n\t\t<\/dt><\/dl><div class=\"gallery-right\"><dl class='gallery-item secondgallery' >\n\t\t<dt class='gallery-icon landscape'>\n\t\t\t<a href='https:\/\/e-zeppelin.ro\/en\/wp-content\/uploads\/sites\/2\/2025\/05\/E7A1694-scaled.jpg'  data-lightbox='gallery-1' title='_E7A1694'> <img loading=\"lazy\" decoding=\"async\" width=\"174\" height=\"174\" src=\"https:\/\/e-zeppelin.ro\/en\/wp-content\/uploads\/sites\/2\/2025\/05\/E7A1694-174x174.jpg\" class=\"attachment-gallery-right size-gallery-right\" alt=\"\" srcset=\"https:\/\/e-zeppelin.ro\/en\/wp-content\/uploads\/sites\/2\/2025\/05\/E7A1694-174x174.jpg 174w, https:\/\/e-zeppelin.ro\/en\/wp-content\/uploads\/sites\/2\/2025\/05\/E7A1694-150x150.jpg 150w, https:\/\/e-zeppelin.ro\/en\/wp-content\/uploads\/sites\/2\/2025\/05\/E7A1694-50x50.jpg 50w, https:\/\/e-zeppelin.ro\/en\/wp-content\/uploads\/sites\/2\/2025\/05\/E7A1694-32x32.jpg 32w, https:\/\/e-zeppelin.ro\/en\/wp-content\/uploads\/sites\/2\/2025\/05\/E7A1694-64x64.jpg 64w, https:\/\/e-zeppelin.ro\/en\/wp-content\/uploads\/sites\/2\/2025\/05\/E7A1694-96x96.jpg 96w, https:\/\/e-zeppelin.ro\/en\/wp-content\/uploads\/sites\/2\/2025\/05\/E7A1694-128x128.jpg 128w\" \/><\/a>\n\t\t<\/dt><\/dl><dl class='gallery-item thirdgallery'>\n\t\t<dt class='gallery-icon portrait'>\n\t\t\t<a href='https:\/\/e-zeppelin.ro\/en\/wp-content\/uploads\/sites\/2\/2025\/05\/100-SILLAS-08-scaled.jpg'  data-lightbox='gallery-1' title='100 SILLAS 08'> <img loading=\"lazy\" decoding=\"async\" width=\"174\" height=\"174\" src=\"https:\/\/e-zeppelin.ro\/en\/wp-content\/uploads\/sites\/2\/2025\/05\/100-SILLAS-08-174x174.jpg\" class=\"attachment-gallery-right size-gallery-right\" alt=\"\" srcset=\"https:\/\/e-zeppelin.ro\/en\/wp-content\/uploads\/sites\/2\/2025\/05\/100-SILLAS-08-174x174.jpg 174w, https:\/\/e-zeppelin.ro\/en\/wp-content\/uploads\/sites\/2\/2025\/05\/100-SILLAS-08-150x150.jpg 150w, https:\/\/e-zeppelin.ro\/en\/wp-content\/uploads\/sites\/2\/2025\/05\/100-SILLAS-08-50x50.jpg 50w, https:\/\/e-zeppelin.ro\/en\/wp-content\/uploads\/sites\/2\/2025\/05\/100-SILLAS-08-32x32.jpg 32w, https:\/\/e-zeppelin.ro\/en\/wp-content\/uploads\/sites\/2\/2025\/05\/100-SILLAS-08-64x64.jpg 64w, https:\/\/e-zeppelin.ro\/en\/wp-content\/uploads\/sites\/2\/2025\/05\/100-SILLAS-08-96x96.jpg 96w, https:\/\/e-zeppelin.ro\/en\/wp-content\/uploads\/sites\/2\/2025\/05\/100-SILLAS-08-128x128.jpg 128w\" \/><\/a><div class='text-third'>+16<\/div>\n\t\t<\/dt><\/dl><\/div><dl class='gallery-item' style='margin-top:0px;'>\n\t\t<dt class='gallery-icon landscape'>\n\t\t\t<a href='https:\/\/e-zeppelin.ro\/en\/wp-content\/uploads\/sites\/2\/2025\/05\/100-SILLAS-13-scaled.jpg' style='display:none;' data-lightbox='gallery-1' title='100 SILLAS 13'> <img loading=\"lazy\" decoding=\"async\" width=\"1024\" height=\"683\" src=\"https:\/\/e-zeppelin.ro\/en\/wp-content\/uploads\/sites\/2\/2025\/05\/100-SILLAS-13-1024x683.jpg\" class=\"attachment-large size-large\" alt=\"\" srcset=\"https:\/\/e-zeppelin.ro\/en\/wp-content\/uploads\/sites\/2\/2025\/05\/100-SILLAS-13-1024x683.jpg 1024w, https:\/\/e-zeppelin.ro\/en\/wp-content\/uploads\/sites\/2\/2025\/05\/100-SILLAS-13-300x200.jpg 300w, https:\/\/e-zeppelin.ro\/en\/wp-content\/uploads\/sites\/2\/2025\/05\/100-SILLAS-13-768x512.jpg 768w, https:\/\/e-zeppelin.ro\/en\/wp-content\/uploads\/sites\/2\/2025\/05\/100-SILLAS-13-1536x1025.jpg 1536w, https:\/\/e-zeppelin.ro\/en\/wp-content\/uploads\/sites\/2\/2025\/05\/100-SILLAS-13-2048x1366.jpg 2048w, https:\/\/e-zeppelin.ro\/en\/wp-content\/uploads\/sites\/2\/2025\/05\/100-SILLAS-13-297x198.jpg 297w, https:\/\/e-zeppelin.ro\/en\/wp-content\/uploads\/sites\/2\/2025\/05\/100-SILLAS-13-820x547.jpg 820w, https:\/\/e-zeppelin.ro\/en\/wp-content\/uploads\/sites\/2\/2025\/05\/100-SILLAS-13-190x127.jpg 190w, https:\/\/e-zeppelin.ro\/en\/wp-content\/uploads\/sites\/2\/2025\/05\/100-SILLAS-13-868x579.jpg 868w, https:\/\/e-zeppelin.ro\/en\/wp-content\/uploads\/sites\/2\/2025\/05\/100-SILLAS-13-585x390.jpg 585w\" sizes=\"auto, (max-width: 1024px) 100vw, 1024px\" \/><\/a>\n\t\t<\/dt><\/dl><dl class='gallery-item' style='margin-top:0px;'>\n\t\t<dt class='gallery-icon landscape'>\n\t\t\t<a href='https:\/\/e-zeppelin.ro\/en\/wp-content\/uploads\/sites\/2\/2025\/05\/ARENAS-02-1-scaled.jpg' style='display:none;' data-lightbox='gallery-1' title='ARENAS 02'> <img loading=\"lazy\" decoding=\"async\" width=\"1024\" height=\"683\" src=\"https:\/\/e-zeppelin.ro\/en\/wp-content\/uploads\/sites\/2\/2025\/05\/ARENAS-02-1-1024x683.jpg\" class=\"attachment-large size-large\" alt=\"\" srcset=\"https:\/\/e-zeppelin.ro\/en\/wp-content\/uploads\/sites\/2\/2025\/05\/ARENAS-02-1-1024x683.jpg 1024w, https:\/\/e-zeppelin.ro\/en\/wp-content\/uploads\/sites\/2\/2025\/05\/ARENAS-02-1-300x200.jpg 300w, https:\/\/e-zeppelin.ro\/en\/wp-content\/uploads\/sites\/2\/2025\/05\/ARENAS-02-1-768x512.jpg 768w, https:\/\/e-zeppelin.ro\/en\/wp-content\/uploads\/sites\/2\/2025\/05\/ARENAS-02-1-1536x1025.jpg 1536w, https:\/\/e-zeppelin.ro\/en\/wp-content\/uploads\/sites\/2\/2025\/05\/ARENAS-02-1-2048x1366.jpg 2048w, https:\/\/e-zeppelin.ro\/en\/wp-content\/uploads\/sites\/2\/2025\/05\/ARENAS-02-1-297x198.jpg 297w, https:\/\/e-zeppelin.ro\/en\/wp-content\/uploads\/sites\/2\/2025\/05\/ARENAS-02-1-820x547.jpg 820w, https:\/\/e-zeppelin.ro\/en\/wp-content\/uploads\/sites\/2\/2025\/05\/ARENAS-02-1-190x127.jpg 190w, https:\/\/e-zeppelin.ro\/en\/wp-content\/uploads\/sites\/2\/2025\/05\/ARENAS-02-1-868x579.jpg 868w, https:\/\/e-zeppelin.ro\/en\/wp-content\/uploads\/sites\/2\/2025\/05\/ARENAS-02-1-585x390.jpg 585w\" sizes=\"auto, (max-width: 1024px) 100vw, 1024px\" \/><\/a>\n\t\t<\/dt><\/dl><dl class='gallery-item' style='margin-top:0px;'>\n\t\t<dt class='gallery-icon landscape'>\n\t\t\t<a href='https:\/\/e-zeppelin.ro\/en\/wp-content\/uploads\/sites\/2\/2025\/05\/CIELO-OSCURO-15-1-scaled.jpg' style='display:none;' data-lightbox='gallery-1' title='CIELO OSCURO 15'> <img loading=\"lazy\" decoding=\"async\" width=\"1024\" height=\"533\" src=\"https:\/\/e-zeppelin.ro\/en\/wp-content\/uploads\/sites\/2\/2025\/05\/CIELO-OSCURO-15-1-1024x533.jpg\" class=\"attachment-large size-large\" alt=\"\" srcset=\"https:\/\/e-zeppelin.ro\/en\/wp-content\/uploads\/sites\/2\/2025\/05\/CIELO-OSCURO-15-1-1024x533.jpg 1024w, https:\/\/e-zeppelin.ro\/en\/wp-content\/uploads\/sites\/2\/2025\/05\/CIELO-OSCURO-15-1-300x156.jpg 300w, https:\/\/e-zeppelin.ro\/en\/wp-content\/uploads\/sites\/2\/2025\/05\/CIELO-OSCURO-15-1-768x399.jpg 768w, https:\/\/e-zeppelin.ro\/en\/wp-content\/uploads\/sites\/2\/2025\/05\/CIELO-OSCURO-15-1-1536x799.jpg 1536w, https:\/\/e-zeppelin.ro\/en\/wp-content\/uploads\/sites\/2\/2025\/05\/CIELO-OSCURO-15-1-2048x1065.jpg 2048w, https:\/\/e-zeppelin.ro\/en\/wp-content\/uploads\/sites\/2\/2025\/05\/CIELO-OSCURO-15-1-820x426.jpg 820w, https:\/\/e-zeppelin.ro\/en\/wp-content\/uploads\/sites\/2\/2025\/05\/CIELO-OSCURO-15-1-192x100.jpg 192w, https:\/\/e-zeppelin.ro\/en\/wp-content\/uploads\/sites\/2\/2025\/05\/CIELO-OSCURO-15-1-1030x536.jpg 1030w, https:\/\/e-zeppelin.ro\/en\/wp-content\/uploads\/sites\/2\/2025\/05\/CIELO-OSCURO-15-1-700x364.jpg 700w\" sizes=\"auto, (max-width: 1024px) 100vw, 1024px\" \/><\/a>\n\t\t<\/dt><\/dl><dl class='gallery-item' style='margin-top:0px;'>\n\t\t<dt class='gallery-icon landscape'>\n\t\t\t<a href='https:\/\/e-zeppelin.ro\/en\/wp-content\/uploads\/sites\/2\/2025\/05\/copyright_laurianghinitoiu_concentrico_outpost-office-2-of-6-1-scaled.jpg' style='display:none;' data-lightbox='gallery-1' title='default'> <img loading=\"lazy\" decoding=\"async\" width=\"1024\" height=\"683\" src=\"https:\/\/e-zeppelin.ro\/en\/wp-content\/uploads\/sites\/2\/2025\/05\/copyright_laurianghinitoiu_concentrico_outpost-office-2-of-6-1-1024x683.jpg\" class=\"attachment-large size-large\" alt=\"\" srcset=\"https:\/\/e-zeppelin.ro\/en\/wp-content\/uploads\/sites\/2\/2025\/05\/copyright_laurianghinitoiu_concentrico_outpost-office-2-of-6-1-1024x683.jpg 1024w, https:\/\/e-zeppelin.ro\/en\/wp-content\/uploads\/sites\/2\/2025\/05\/copyright_laurianghinitoiu_concentrico_outpost-office-2-of-6-1-300x200.jpg 300w, https:\/\/e-zeppelin.ro\/en\/wp-content\/uploads\/sites\/2\/2025\/05\/copyright_laurianghinitoiu_concentrico_outpost-office-2-of-6-1-768x512.jpg 768w, https:\/\/e-zeppelin.ro\/en\/wp-content\/uploads\/sites\/2\/2025\/05\/copyright_laurianghinitoiu_concentrico_outpost-office-2-of-6-1-1536x1024.jpg 1536w, https:\/\/e-zeppelin.ro\/en\/wp-content\/uploads\/sites\/2\/2025\/05\/copyright_laurianghinitoiu_concentrico_outpost-office-2-of-6-1-2048x1365.jpg 2048w, https:\/\/e-zeppelin.ro\/en\/wp-content\/uploads\/sites\/2\/2025\/05\/copyright_laurianghinitoiu_concentrico_outpost-office-2-of-6-1-297x198.jpg 297w, https:\/\/e-zeppelin.ro\/en\/wp-content\/uploads\/sites\/2\/2025\/05\/copyright_laurianghinitoiu_concentrico_outpost-office-2-of-6-1-820x547.jpg 820w, https:\/\/e-zeppelin.ro\/en\/wp-content\/uploads\/sites\/2\/2025\/05\/copyright_laurianghinitoiu_concentrico_outpost-office-2-of-6-1-190x127.jpg 190w, https:\/\/e-zeppelin.ro\/en\/wp-content\/uploads\/sites\/2\/2025\/05\/copyright_laurianghinitoiu_concentrico_outpost-office-2-of-6-1-868x579.jpg 868w, https:\/\/e-zeppelin.ro\/en\/wp-content\/uploads\/sites\/2\/2025\/05\/copyright_laurianghinitoiu_concentrico_outpost-office-2-of-6-1-585x390.jpg 585w\" sizes=\"auto, (max-width: 1024px) 100vw, 1024px\" \/><\/a>\n\t\t<\/dt><\/dl><dl class='gallery-item' style='margin-top:0px;'>\n\t\t<dt class='gallery-icon landscape'>\n\t\t\t<a href='https:\/\/e-zeppelin.ro\/en\/wp-content\/uploads\/sites\/2\/2025\/05\/CUADERNO_DE_SURCOS_13-1-scaled.jpg' style='display:none;' data-lightbox='gallery-1' title='CUADERNO_DE_SURCOS_13'> <img loading=\"lazy\" decoding=\"async\" width=\"1024\" height=\"539\" src=\"https:\/\/e-zeppelin.ro\/en\/wp-content\/uploads\/sites\/2\/2025\/05\/CUADERNO_DE_SURCOS_13-1-1024x539.jpg\" class=\"attachment-large size-large\" alt=\"\" srcset=\"https:\/\/e-zeppelin.ro\/en\/wp-content\/uploads\/sites\/2\/2025\/05\/CUADERNO_DE_SURCOS_13-1-1024x539.jpg 1024w, https:\/\/e-zeppelin.ro\/en\/wp-content\/uploads\/sites\/2\/2025\/05\/CUADERNO_DE_SURCOS_13-1-300x158.jpg 300w, https:\/\/e-zeppelin.ro\/en\/wp-content\/uploads\/sites\/2\/2025\/05\/CUADERNO_DE_SURCOS_13-1-768x404.jpg 768w, https:\/\/e-zeppelin.ro\/en\/wp-content\/uploads\/sites\/2\/2025\/05\/CUADERNO_DE_SURCOS_13-1-1536x809.jpg 1536w, https:\/\/e-zeppelin.ro\/en\/wp-content\/uploads\/sites\/2\/2025\/05\/CUADERNO_DE_SURCOS_13-1-2048x1078.jpg 2048w, https:\/\/e-zeppelin.ro\/en\/wp-content\/uploads\/sites\/2\/2025\/05\/CUADERNO_DE_SURCOS_13-1-820x432.jpg 820w, https:\/\/e-zeppelin.ro\/en\/wp-content\/uploads\/sites\/2\/2025\/05\/CUADERNO_DE_SURCOS_13-1-192x101.jpg 192w, https:\/\/e-zeppelin.ro\/en\/wp-content\/uploads\/sites\/2\/2025\/05\/CUADERNO_DE_SURCOS_13-1-1030x542.jpg 1030w, https:\/\/e-zeppelin.ro\/en\/wp-content\/uploads\/sites\/2\/2025\/05\/CUADERNO_DE_SURCOS_13-1-700x369.jpg 700w\" sizes=\"auto, (max-width: 1024px) 100vw, 1024px\" \/><\/a>\n\t\t<\/dt><\/dl><dl class='gallery-item' style='margin-top:0px;'>\n\t\t<dt class='gallery-icon landscape'>\n\t\t\t<a href='https:\/\/e-zeppelin.ro\/en\/wp-content\/uploads\/sites\/2\/2025\/05\/ECLIPSE-03-1-scaled.jpg' style='display:none;' data-lightbox='gallery-1' title='ECLIPSE 03'> <img loading=\"lazy\" decoding=\"async\" width=\"1024\" height=\"683\" src=\"https:\/\/e-zeppelin.ro\/en\/wp-content\/uploads\/sites\/2\/2025\/05\/ECLIPSE-03-1-1024x683.jpg\" class=\"attachment-large size-large\" alt=\"\" srcset=\"https:\/\/e-zeppelin.ro\/en\/wp-content\/uploads\/sites\/2\/2025\/05\/ECLIPSE-03-1-1024x683.jpg 1024w, https:\/\/e-zeppelin.ro\/en\/wp-content\/uploads\/sites\/2\/2025\/05\/ECLIPSE-03-1-300x200.jpg 300w, https:\/\/e-zeppelin.ro\/en\/wp-content\/uploads\/sites\/2\/2025\/05\/ECLIPSE-03-1-768x512.jpg 768w, https:\/\/e-zeppelin.ro\/en\/wp-content\/uploads\/sites\/2\/2025\/05\/ECLIPSE-03-1-1536x1025.jpg 1536w, https:\/\/e-zeppelin.ro\/en\/wp-content\/uploads\/sites\/2\/2025\/05\/ECLIPSE-03-1-2048x1366.jpg 2048w, https:\/\/e-zeppelin.ro\/en\/wp-content\/uploads\/sites\/2\/2025\/05\/ECLIPSE-03-1-297x198.jpg 297w, https:\/\/e-zeppelin.ro\/en\/wp-content\/uploads\/sites\/2\/2025\/05\/ECLIPSE-03-1-820x547.jpg 820w, https:\/\/e-zeppelin.ro\/en\/wp-content\/uploads\/sites\/2\/2025\/05\/ECLIPSE-03-1-190x127.jpg 190w, https:\/\/e-zeppelin.ro\/en\/wp-content\/uploads\/sites\/2\/2025\/05\/ECLIPSE-03-1-868x579.jpg 868w, https:\/\/e-zeppelin.ro\/en\/wp-content\/uploads\/sites\/2\/2025\/05\/ECLIPSE-03-1-585x390.jpg 585w\" sizes=\"auto, (max-width: 1024px) 100vw, 1024px\" \/><\/a>\n\t\t<\/dt><\/dl><dl class='gallery-item' style='margin-top:0px;'>\n\t\t<dt class='gallery-icon landscape'>\n\t\t\t<a href='https:\/\/e-zeppelin.ro\/en\/wp-content\/uploads\/sites\/2\/2025\/05\/Fresa-10-1-scaled.jpg' style='display:none;' data-lightbox='gallery-1' title='Fresa 10'> <img loading=\"lazy\" decoding=\"async\" width=\"1024\" height=\"688\" src=\"https:\/\/e-zeppelin.ro\/en\/wp-content\/uploads\/sites\/2\/2025\/05\/Fresa-10-1-1024x688.jpg\" class=\"attachment-large size-large\" alt=\"\" srcset=\"https:\/\/e-zeppelin.ro\/en\/wp-content\/uploads\/sites\/2\/2025\/05\/Fresa-10-1-1024x688.jpg 1024w, https:\/\/e-zeppelin.ro\/en\/wp-content\/uploads\/sites\/2\/2025\/05\/Fresa-10-1-300x202.jpg 300w, https:\/\/e-zeppelin.ro\/en\/wp-content\/uploads\/sites\/2\/2025\/05\/Fresa-10-1-768x516.jpg 768w, https:\/\/e-zeppelin.ro\/en\/wp-content\/uploads\/sites\/2\/2025\/05\/Fresa-10-1-1536x1032.jpg 1536w, https:\/\/e-zeppelin.ro\/en\/wp-content\/uploads\/sites\/2\/2025\/05\/Fresa-10-1-2048x1376.jpg 2048w, https:\/\/e-zeppelin.ro\/en\/wp-content\/uploads\/sites\/2\/2025\/05\/Fresa-10-1-820x551.jpg 820w, https:\/\/e-zeppelin.ro\/en\/wp-content\/uploads\/sites\/2\/2025\/05\/Fresa-10-1-189x127.jpg 189w, https:\/\/e-zeppelin.ro\/en\/wp-content\/uploads\/sites\/2\/2025\/05\/Fresa-10-1-862x579.jpg 862w, https:\/\/e-zeppelin.ro\/en\/wp-content\/uploads\/sites\/2\/2025\/05\/Fresa-10-1-580x390.jpg 580w\" sizes=\"auto, (max-width: 1024px) 100vw, 1024px\" \/><\/a>\n\t\t<\/dt><\/dl><dl class='gallery-item' style='margin-top:0px;'>\n\t\t<dt class='gallery-icon portrait'>\n\t\t\t<a href='https:\/\/e-zeppelin.ro\/en\/wp-content\/uploads\/sites\/2\/2025\/05\/la-plaza-11-1-scaled.jpg' style='display:none;' data-lightbox='gallery-1' title='la plaza 11'> <img loading=\"lazy\" decoding=\"async\" width=\"968\" height=\"1024\" src=\"https:\/\/e-zeppelin.ro\/en\/wp-content\/uploads\/sites\/2\/2025\/05\/la-plaza-11-1-968x1024.jpg\" class=\"attachment-large size-large\" alt=\"\" srcset=\"https:\/\/e-zeppelin.ro\/en\/wp-content\/uploads\/sites\/2\/2025\/05\/la-plaza-11-1-968x1024.jpg 968w, https:\/\/e-zeppelin.ro\/en\/wp-content\/uploads\/sites\/2\/2025\/05\/la-plaza-11-1-284x300.jpg 284w, https:\/\/e-zeppelin.ro\/en\/wp-content\/uploads\/sites\/2\/2025\/05\/la-plaza-11-1-768x812.jpg 768w, https:\/\/e-zeppelin.ro\/en\/wp-content\/uploads\/sites\/2\/2025\/05\/la-plaza-11-1-1452x1536.jpg 1452w, https:\/\/e-zeppelin.ro\/en\/wp-content\/uploads\/sites\/2\/2025\/05\/la-plaza-11-1-1936x2048.jpg 1936w, https:\/\/e-zeppelin.ro\/en\/wp-content\/uploads\/sites\/2\/2025\/05\/la-plaza-11-1-581x615.jpg 581w, https:\/\/e-zeppelin.ro\/en\/wp-content\/uploads\/sites\/2\/2025\/05\/la-plaza-11-1-120x127.jpg 120w, https:\/\/e-zeppelin.ro\/en\/wp-content\/uploads\/sites\/2\/2025\/05\/la-plaza-11-1-547x579.jpg 547w, https:\/\/e-zeppelin.ro\/en\/wp-content\/uploads\/sites\/2\/2025\/05\/la-plaza-11-1-369x390.jpg 369w\" sizes=\"auto, (max-width: 968px) 100vw, 968px\" \/><\/a>\n\t\t<\/dt><\/dl><dl class='gallery-item' style='margin-top:0px;'>\n\t\t<dt class='gallery-icon landscape'>\n\t\t\t<a href='https:\/\/e-zeppelin.ro\/en\/wp-content\/uploads\/sites\/2\/2025\/05\/MAKE_IT_RAIN_04-scaled.jpg' style='display:none;' data-lightbox='gallery-1' title='MAKE_IT_RAIN_04'> <img loading=\"lazy\" decoding=\"async\" width=\"1024\" height=\"914\" src=\"https:\/\/e-zeppelin.ro\/en\/wp-content\/uploads\/sites\/2\/2025\/05\/MAKE_IT_RAIN_04-1024x914.jpg\" class=\"attachment-large size-large\" alt=\"\" srcset=\"https:\/\/e-zeppelin.ro\/en\/wp-content\/uploads\/sites\/2\/2025\/05\/MAKE_IT_RAIN_04-1024x914.jpg 1024w, https:\/\/e-zeppelin.ro\/en\/wp-content\/uploads\/sites\/2\/2025\/05\/MAKE_IT_RAIN_04-300x268.jpg 300w, https:\/\/e-zeppelin.ro\/en\/wp-content\/uploads\/sites\/2\/2025\/05\/MAKE_IT_RAIN_04-768x685.jpg 768w, https:\/\/e-zeppelin.ro\/en\/wp-content\/uploads\/sites\/2\/2025\/05\/MAKE_IT_RAIN_04-1536x1370.jpg 1536w, https:\/\/e-zeppelin.ro\/en\/wp-content\/uploads\/sites\/2\/2025\/05\/MAKE_IT_RAIN_04-2048x1827.jpg 2048w, https:\/\/e-zeppelin.ro\/en\/wp-content\/uploads\/sites\/2\/2025\/05\/MAKE_IT_RAIN_04-689x615.jpg 689w, https:\/\/e-zeppelin.ro\/en\/wp-content\/uploads\/sites\/2\/2025\/05\/MAKE_IT_RAIN_04-142x127.jpg 142w, https:\/\/e-zeppelin.ro\/en\/wp-content\/uploads\/sites\/2\/2025\/05\/MAKE_IT_RAIN_04-649x579.jpg 649w, https:\/\/e-zeppelin.ro\/en\/wp-content\/uploads\/sites\/2\/2025\/05\/MAKE_IT_RAIN_04-437x390.jpg 437w\" sizes=\"auto, (max-width: 1024px) 100vw, 1024px\" \/><\/a>\n\t\t<\/dt><\/dl><dl class='gallery-item' style='margin-top:0px;'>\n\t\t<dt class='gallery-icon portrait'>\n\t\t\t<a href='https:\/\/e-zeppelin.ro\/en\/wp-content\/uploads\/sites\/2\/2025\/05\/MAKE_IT_RAIN_21.jpg' style='display:none;' data-lightbox='gallery-1' title='MAKE_IT_RAIN_21'> <img loading=\"lazy\" decoding=\"async\" width=\"809\" height=\"1024\" src=\"https:\/\/e-zeppelin.ro\/en\/wp-content\/uploads\/sites\/2\/2025\/05\/MAKE_IT_RAIN_21-809x1024.jpg\" class=\"attachment-large size-large\" alt=\"\" srcset=\"https:\/\/e-zeppelin.ro\/en\/wp-content\/uploads\/sites\/2\/2025\/05\/MAKE_IT_RAIN_21-809x1024.jpg 809w, https:\/\/e-zeppelin.ro\/en\/wp-content\/uploads\/sites\/2\/2025\/05\/MAKE_IT_RAIN_21-237x300.jpg 237w, https:\/\/e-zeppelin.ro\/en\/wp-content\/uploads\/sites\/2\/2025\/05\/MAKE_IT_RAIN_21-768x972.jpg 768w, https:\/\/e-zeppelin.ro\/en\/wp-content\/uploads\/sites\/2\/2025\/05\/MAKE_IT_RAIN_21-1214x1536.jpg 1214w, https:\/\/e-zeppelin.ro\/en\/wp-content\/uploads\/sites\/2\/2025\/05\/MAKE_IT_RAIN_21-1618x2048.jpg 1618w, https:\/\/e-zeppelin.ro\/en\/wp-content\/uploads\/sites\/2\/2025\/05\/MAKE_IT_RAIN_21-486x615.jpg 486w, https:\/\/e-zeppelin.ro\/en\/wp-content\/uploads\/sites\/2\/2025\/05\/MAKE_IT_RAIN_21-100x127.jpg 100w, https:\/\/e-zeppelin.ro\/en\/wp-content\/uploads\/sites\/2\/2025\/05\/MAKE_IT_RAIN_21-458x579.jpg 458w, https:\/\/e-zeppelin.ro\/en\/wp-content\/uploads\/sites\/2\/2025\/05\/MAKE_IT_RAIN_21-308x390.jpg 308w, https:\/\/e-zeppelin.ro\/en\/wp-content\/uploads\/sites\/2\/2025\/05\/MAKE_IT_RAIN_21.jpg 1981w\" sizes=\"auto, (max-width: 809px) 100vw, 809px\" \/><\/a>\n\t\t<\/dt><\/dl><dl class='gallery-item' style='margin-top:0px;'>\n\t\t<dt class='gallery-icon landscape'>\n\t\t\t<a href='https:\/\/e-zeppelin.ro\/en\/wp-content\/uploads\/sites\/2\/2025\/05\/MAKE_IT_RAIN_22-1-scaled.jpg' style='display:none;' data-lightbox='gallery-1' title='MAKE_IT_RAIN_22'> <img loading=\"lazy\" decoding=\"async\" width=\"1024\" height=\"665\" src=\"https:\/\/e-zeppelin.ro\/en\/wp-content\/uploads\/sites\/2\/2025\/05\/MAKE_IT_RAIN_22-1-1024x665.jpg\" class=\"attachment-large size-large\" alt=\"\" srcset=\"https:\/\/e-zeppelin.ro\/en\/wp-content\/uploads\/sites\/2\/2025\/05\/MAKE_IT_RAIN_22-1-1024x665.jpg 1024w, https:\/\/e-zeppelin.ro\/en\/wp-content\/uploads\/sites\/2\/2025\/05\/MAKE_IT_RAIN_22-1-300x195.jpg 300w, https:\/\/e-zeppelin.ro\/en\/wp-content\/uploads\/sites\/2\/2025\/05\/MAKE_IT_RAIN_22-1-768x499.jpg 768w, https:\/\/e-zeppelin.ro\/en\/wp-content\/uploads\/sites\/2\/2025\/05\/MAKE_IT_RAIN_22-1-1536x997.jpg 1536w, https:\/\/e-zeppelin.ro\/en\/wp-content\/uploads\/sites\/2\/2025\/05\/MAKE_IT_RAIN_22-1-2048x1330.jpg 2048w, https:\/\/e-zeppelin.ro\/en\/wp-content\/uploads\/sites\/2\/2025\/05\/MAKE_IT_RAIN_22-1-820x532.jpg 820w, https:\/\/e-zeppelin.ro\/en\/wp-content\/uploads\/sites\/2\/2025\/05\/MAKE_IT_RAIN_22-1-192x125.jpg 192w, https:\/\/e-zeppelin.ro\/en\/wp-content\/uploads\/sites\/2\/2025\/05\/MAKE_IT_RAIN_22-1-892x579.jpg 892w, https:\/\/e-zeppelin.ro\/en\/wp-content\/uploads\/sites\/2\/2025\/05\/MAKE_IT_RAIN_22-1-601x390.jpg 601w\" sizes=\"auto, (max-width: 1024px) 100vw, 1024px\" \/><\/a>\n\t\t<\/dt><\/dl><dl class='gallery-item' style='margin-top:0px;'>\n\t\t<dt class='gallery-icon landscape'>\n\t\t\t<a href='https:\/\/e-zeppelin.ro\/en\/wp-content\/uploads\/sites\/2\/2025\/05\/Mesa-Elevada-02-1-scaled.jpg' style='display:none;' data-lightbox='gallery-1' title='Mesa Elevada 02'> <img loading=\"lazy\" decoding=\"async\" width=\"1024\" height=\"730\" src=\"https:\/\/e-zeppelin.ro\/en\/wp-content\/uploads\/sites\/2\/2025\/05\/Mesa-Elevada-02-1-1024x730.jpg\" class=\"attachment-large size-large\" alt=\"\" srcset=\"https:\/\/e-zeppelin.ro\/en\/wp-content\/uploads\/sites\/2\/2025\/05\/Mesa-Elevada-02-1-1024x730.jpg 1024w, https:\/\/e-zeppelin.ro\/en\/wp-content\/uploads\/sites\/2\/2025\/05\/Mesa-Elevada-02-1-300x214.jpg 300w, https:\/\/e-zeppelin.ro\/en\/wp-content\/uploads\/sites\/2\/2025\/05\/Mesa-Elevada-02-1-768x548.jpg 768w, https:\/\/e-zeppelin.ro\/en\/wp-content\/uploads\/sites\/2\/2025\/05\/Mesa-Elevada-02-1-1536x1096.jpg 1536w, https:\/\/e-zeppelin.ro\/en\/wp-content\/uploads\/sites\/2\/2025\/05\/Mesa-Elevada-02-1-2048x1461.jpg 2048w, https:\/\/e-zeppelin.ro\/en\/wp-content\/uploads\/sites\/2\/2025\/05\/Mesa-Elevada-02-1-820x585.jpg 820w, https:\/\/e-zeppelin.ro\/en\/wp-content\/uploads\/sites\/2\/2025\/05\/Mesa-Elevada-02-1-178x127.jpg 178w, https:\/\/e-zeppelin.ro\/en\/wp-content\/uploads\/sites\/2\/2025\/05\/Mesa-Elevada-02-1-812x579.jpg 812w, https:\/\/e-zeppelin.ro\/en\/wp-content\/uploads\/sites\/2\/2025\/05\/Mesa-Elevada-02-1-547x390.jpg 547w\" sizes=\"auto, (max-width: 1024px) 100vw, 1024px\" \/><\/a>\n\t\t<\/dt><\/dl><dl class='gallery-item' style='margin-top:0px;'>\n\t\t<dt class='gallery-icon landscape'>\n\t\t\t<a href='https:\/\/e-zeppelin.ro\/en\/wp-content\/uploads\/sites\/2\/2025\/05\/PALO_DE_MAYO_10-1-scaled.jpg' style='display:none;' data-lightbox='gallery-1' title='PALO_DE_MAYO_10'> <img loading=\"lazy\" decoding=\"async\" width=\"1024\" height=\"683\" src=\"https:\/\/e-zeppelin.ro\/en\/wp-content\/uploads\/sites\/2\/2025\/05\/PALO_DE_MAYO_10-1-1024x683.jpg\" class=\"attachment-large size-large\" alt=\"\" srcset=\"https:\/\/e-zeppelin.ro\/en\/wp-content\/uploads\/sites\/2\/2025\/05\/PALO_DE_MAYO_10-1-1024x683.jpg 1024w, https:\/\/e-zeppelin.ro\/en\/wp-content\/uploads\/sites\/2\/2025\/05\/PALO_DE_MAYO_10-1-300x200.jpg 300w, https:\/\/e-zeppelin.ro\/en\/wp-content\/uploads\/sites\/2\/2025\/05\/PALO_DE_MAYO_10-1-768x512.jpg 768w, https:\/\/e-zeppelin.ro\/en\/wp-content\/uploads\/sites\/2\/2025\/05\/PALO_DE_MAYO_10-1-1536x1025.jpg 1536w, https:\/\/e-zeppelin.ro\/en\/wp-content\/uploads\/sites\/2\/2025\/05\/PALO_DE_MAYO_10-1-2048x1366.jpg 2048w, https:\/\/e-zeppelin.ro\/en\/wp-content\/uploads\/sites\/2\/2025\/05\/PALO_DE_MAYO_10-1-297x198.jpg 297w, https:\/\/e-zeppelin.ro\/en\/wp-content\/uploads\/sites\/2\/2025\/05\/PALO_DE_MAYO_10-1-820x547.jpg 820w, https:\/\/e-zeppelin.ro\/en\/wp-content\/uploads\/sites\/2\/2025\/05\/PALO_DE_MAYO_10-1-190x127.jpg 190w, https:\/\/e-zeppelin.ro\/en\/wp-content\/uploads\/sites\/2\/2025\/05\/PALO_DE_MAYO_10-1-868x579.jpg 868w, https:\/\/e-zeppelin.ro\/en\/wp-content\/uploads\/sites\/2\/2025\/05\/PALO_DE_MAYO_10-1-585x390.jpg 585w\" sizes=\"auto, (max-width: 1024px) 100vw, 1024px\" \/><\/a>\n\t\t<\/dt><\/dl><dl class='gallery-item' style='margin-top:0px;'>\n\t\t<dt class='gallery-icon landscape'>\n\t\t\t<a href='https:\/\/e-zeppelin.ro\/en\/wp-content\/uploads\/sites\/2\/2025\/05\/Presentacion_Page_033.jpg' style='display:none;' data-lightbox='gallery-1' title='Presentacion_Page_033'> <img loading=\"lazy\" decoding=\"async\" width=\"1024\" height=\"682\" src=\"https:\/\/e-zeppelin.ro\/en\/wp-content\/uploads\/sites\/2\/2025\/05\/Presentacion_Page_033-1024x682.jpg\" class=\"attachment-large size-large\" alt=\"\" srcset=\"https:\/\/e-zeppelin.ro\/en\/wp-content\/uploads\/sites\/2\/2025\/05\/Presentacion_Page_033-1024x682.jpg 1024w, https:\/\/e-zeppelin.ro\/en\/wp-content\/uploads\/sites\/2\/2025\/05\/Presentacion_Page_033-300x200.jpg 300w, https:\/\/e-zeppelin.ro\/en\/wp-content\/uploads\/sites\/2\/2025\/05\/Presentacion_Page_033-768x512.jpg 768w, https:\/\/e-zeppelin.ro\/en\/wp-content\/uploads\/sites\/2\/2025\/05\/Presentacion_Page_033-1536x1024.jpg 1536w, https:\/\/e-zeppelin.ro\/en\/wp-content\/uploads\/sites\/2\/2025\/05\/Presentacion_Page_033-297x198.jpg 297w, https:\/\/e-zeppelin.ro\/en\/wp-content\/uploads\/sites\/2\/2025\/05\/Presentacion_Page_033-820x547.jpg 820w, https:\/\/e-zeppelin.ro\/en\/wp-content\/uploads\/sites\/2\/2025\/05\/Presentacion_Page_033-192x127.jpg 192w, https:\/\/e-zeppelin.ro\/en\/wp-content\/uploads\/sites\/2\/2025\/05\/Presentacion_Page_033-869x579.jpg 869w, https:\/\/e-zeppelin.ro\/en\/wp-content\/uploads\/sites\/2\/2025\/05\/Presentacion_Page_033-585x390.jpg 585w, https:\/\/e-zeppelin.ro\/en\/wp-content\/uploads\/sites\/2\/2025\/05\/Presentacion_Page_033.jpg 2000w\" sizes=\"auto, (max-width: 1024px) 100vw, 1024px\" \/><\/a>\n\t\t<\/dt><\/dl><dl class='gallery-item' style='margin-top:0px;'>\n\t\t<dt class='gallery-icon landscape'>\n\t\t\t<a href='https:\/\/e-zeppelin.ro\/en\/wp-content\/uploads\/sites\/2\/2025\/05\/PUERTA-EXTRAORDINARIA-05-1-scaled.jpg' style='display:none;' data-lightbox='gallery-1' title='PUERTA EXTRAORDINARIA 05'> <img loading=\"lazy\" decoding=\"async\" width=\"1024\" height=\"838\" src=\"https:\/\/e-zeppelin.ro\/en\/wp-content\/uploads\/sites\/2\/2025\/05\/PUERTA-EXTRAORDINARIA-05-1-1024x838.jpg\" class=\"attachment-large size-large\" alt=\"\" srcset=\"https:\/\/e-zeppelin.ro\/en\/wp-content\/uploads\/sites\/2\/2025\/05\/PUERTA-EXTRAORDINARIA-05-1-1024x838.jpg 1024w, https:\/\/e-zeppelin.ro\/en\/wp-content\/uploads\/sites\/2\/2025\/05\/PUERTA-EXTRAORDINARIA-05-1-300x246.jpg 300w, https:\/\/e-zeppelin.ro\/en\/wp-content\/uploads\/sites\/2\/2025\/05\/PUERTA-EXTRAORDINARIA-05-1-768x629.jpg 768w, https:\/\/e-zeppelin.ro\/en\/wp-content\/uploads\/sites\/2\/2025\/05\/PUERTA-EXTRAORDINARIA-05-1-1536x1257.jpg 1536w, https:\/\/e-zeppelin.ro\/en\/wp-content\/uploads\/sites\/2\/2025\/05\/PUERTA-EXTRAORDINARIA-05-1-2048x1677.jpg 2048w, https:\/\/e-zeppelin.ro\/en\/wp-content\/uploads\/sites\/2\/2025\/05\/PUERTA-EXTRAORDINARIA-05-1-751x615.jpg 751w, https:\/\/e-zeppelin.ro\/en\/wp-content\/uploads\/sites\/2\/2025\/05\/PUERTA-EXTRAORDINARIA-05-1-155x127.jpg 155w, https:\/\/e-zeppelin.ro\/en\/wp-content\/uploads\/sites\/2\/2025\/05\/PUERTA-EXTRAORDINARIA-05-1-707x579.jpg 707w, https:\/\/e-zeppelin.ro\/en\/wp-content\/uploads\/sites\/2\/2025\/05\/PUERTA-EXTRAORDINARIA-05-1-476x390.jpg 476w\" sizes=\"auto, (max-width: 1024px) 100vw, 1024px\" \/><\/a>\n\t\t<\/dt><\/dl><dl class='gallery-item' style='margin-top:0px;'>\n\t\t<dt class='gallery-icon landscape'>\n\t\t\t<a href='https:\/\/e-zeppelin.ro\/en\/wp-content\/uploads\/sites\/2\/2025\/05\/RAZZLE_DAZZLE_20-1-scaled.jpg' style='display:none;' data-lightbox='gallery-1' title='RAZZLE_DAZZLE_20'> <img loading=\"lazy\" decoding=\"async\" width=\"1024\" height=\"683\" src=\"https:\/\/e-zeppelin.ro\/en\/wp-content\/uploads\/sites\/2\/2025\/05\/RAZZLE_DAZZLE_20-1-1024x683.jpg\" class=\"attachment-large size-large\" alt=\"\" srcset=\"https:\/\/e-zeppelin.ro\/en\/wp-content\/uploads\/sites\/2\/2025\/05\/RAZZLE_DAZZLE_20-1-1024x683.jpg 1024w, https:\/\/e-zeppelin.ro\/en\/wp-content\/uploads\/sites\/2\/2025\/05\/RAZZLE_DAZZLE_20-1-300x200.jpg 300w, https:\/\/e-zeppelin.ro\/en\/wp-content\/uploads\/sites\/2\/2025\/05\/RAZZLE_DAZZLE_20-1-768x512.jpg 768w, https:\/\/e-zeppelin.ro\/en\/wp-content\/uploads\/sites\/2\/2025\/05\/RAZZLE_DAZZLE_20-1-1536x1024.jpg 1536w, https:\/\/e-zeppelin.ro\/en\/wp-content\/uploads\/sites\/2\/2025\/05\/RAZZLE_DAZZLE_20-1-2048x1366.jpg 2048w, https:\/\/e-zeppelin.ro\/en\/wp-content\/uploads\/sites\/2\/2025\/05\/RAZZLE_DAZZLE_20-1-297x198.jpg 297w, https:\/\/e-zeppelin.ro\/en\/wp-content\/uploads\/sites\/2\/2025\/05\/RAZZLE_DAZZLE_20-1-820x547.jpg 820w, https:\/\/e-zeppelin.ro\/en\/wp-content\/uploads\/sites\/2\/2025\/05\/RAZZLE_DAZZLE_20-1-190x127.jpg 190w, https:\/\/e-zeppelin.ro\/en\/wp-content\/uploads\/sites\/2\/2025\/05\/RAZZLE_DAZZLE_20-1-868x579.jpg 868w, https:\/\/e-zeppelin.ro\/en\/wp-content\/uploads\/sites\/2\/2025\/05\/RAZZLE_DAZZLE_20-1-585x390.jpg 585w\" sizes=\"auto, (max-width: 1024px) 100vw, 1024px\" \/><\/a>\n\t\t<\/dt><\/dl>\n        <br style='clear: both' \/>\n\t<\/div>\n\n<p>&nbsp;<\/p>\n<p>&nbsp;<\/p>\n<\/body><\/html>\n","protected":false},"excerpt":{"rendered":"<p>Reporter: C&#259;t&#259;lina Fr&acirc;ncu Photo: Josema Cutillas<\/p>\n","protected":false},"author":1,"featured_media":14180,"comment_status":"closed","ping_status":"open","sticky":false,"template":"","format":"standard","meta":{"footnotes":""},"categories":[4,8],"tags":[],"class_list":["post-14179","post","type-post","status-publish","format-standard","has-post-thumbnail","hentry","category-articole","category-featuredslider"],"yoast_head":"<!-- This site is optimized with the Yoast SEO plugin v24.1 - https:\/\/yoast.com\/wordpress\/plugins\/seo\/ -->\n<title>Local Gesture, Global Impact. Interview with Javier Pe\u00f1a Ib\u00e1\u00f1ez, Director of Conc\u00e9ntrico, the International Festival of Design and Architecture in Logro\u00f1o<\/title>\n<meta name=\"description\" content=\"Javier Pe\u00f1a Ib\u00e1\u00f1ez started the Conc\u00e9ntrico festival in Logro\u00f1o during his student years. From the outset, curiosity and experimentation were the pillars on which the future of this initiative was built\u2014an initiative which now takes place in Madrid and Barcelona, with interventions also in Bucharest.\" \/>\n<meta name=\"robots\" content=\"index, follow, max-snippet:-1, max-image-preview:large, max-video-preview:-1\" \/>\n<link rel=\"canonical\" href=\"https:\/\/e-zeppelin.ro\/en\/local-gesture-global-impact-interview-with-javier-pena-ibanez-director-of-concentrico-the-international-festival-of-design-and-architecture-in-logrono\/\" \/>\n<meta property=\"og:locale\" content=\"en_US\" \/>\n<meta property=\"og:type\" content=\"article\" \/>\n<meta property=\"og:title\" content=\"Local Gesture, Global Impact. Interview with Javier Pe\u00f1a Ib\u00e1\u00f1ez, Director of Conc\u00e9ntrico, the International Festival of Design and Architecture in Logro\u00f1o\" \/>\n<meta property=\"og:description\" content=\"Javier Pe\u00f1a Ib\u00e1\u00f1ez started the Conc\u00e9ntrico festival in Logro\u00f1o during his student years. From the outset, curiosity and experimentation were the pillars on which the future of this initiative was built\u2014an initiative which now takes place in Madrid and Barcelona, with interventions also in Bucharest.\" \/>\n<meta property=\"og:url\" content=\"https:\/\/e-zeppelin.ro\/en\/local-gesture-global-impact-interview-with-javier-pena-ibanez-director-of-concentrico-the-international-festival-of-design-and-architecture-in-logrono\/\" \/>\n<meta property=\"og:site_name\" content=\"e-zeppelin\" \/>\n<meta property=\"article:published_time\" content=\"2025-05-26T19:04:30+00:00\" \/>\n<meta property=\"article:modified_time\" content=\"2025-05-27T12:01:49+00:00\" \/>\n<meta property=\"og:image\" content=\"https:\/\/e-zeppelin.ro\/en\/wp-content\/uploads\/sites\/2\/2025\/05\/Presentacion_Page_028.jpg\" \/>\n\t<meta property=\"og:image:width\" content=\"820\" \/>\n\t<meta property=\"og:image:height\" content=\"461\" \/>\n\t<meta property=\"og:image:type\" content=\"image\/jpeg\" \/>\n<meta name=\"author\" content=\"Nickname\" \/>\n<meta name=\"twitter:card\" content=\"summary_large_image\" \/>\n<meta name=\"twitter:label1\" content=\"Written by\" \/>\n\t<meta name=\"twitter:data1\" content=\"Nickname\" \/>\n\t<meta name=\"twitter:label2\" content=\"Est. reading time\" \/>\n\t<meta name=\"twitter:data2\" content=\"10 minutes\" \/>\n<script type=\"application\/ld+json\" class=\"yoast-schema-graph\">{\"@context\":\"https:\/\/schema.org\",\"@graph\":[{\"@type\":\"WebPage\",\"@id\":\"https:\/\/e-zeppelin.ro\/en\/local-gesture-global-impact-interview-with-javier-pena-ibanez-director-of-concentrico-the-international-festival-of-design-and-architecture-in-logrono\/\",\"url\":\"https:\/\/e-zeppelin.ro\/en\/local-gesture-global-impact-interview-with-javier-pena-ibanez-director-of-concentrico-the-international-festival-of-design-and-architecture-in-logrono\/\",\"name\":\"Local Gesture, Global Impact. Interview with Javier Pe\u00f1a Ib\u00e1\u00f1ez, Director of Conc\u00e9ntrico, the International Festival of Design and Architecture in Logro\u00f1o\",\"isPartOf\":{\"@id\":\"https:\/\/e-zeppelin.ro\/en\/#website\"},\"primaryImageOfPage\":{\"@id\":\"https:\/\/e-zeppelin.ro\/en\/local-gesture-global-impact-interview-with-javier-pena-ibanez-director-of-concentrico-the-international-festival-of-design-and-architecture-in-logrono\/#primaryimage\"},\"image\":{\"@id\":\"https:\/\/e-zeppelin.ro\/en\/local-gesture-global-impact-interview-with-javier-pena-ibanez-director-of-concentrico-the-international-festival-of-design-and-architecture-in-logrono\/#primaryimage\"},\"thumbnailUrl\":\"https:\/\/e-zeppelin.ro\/en\/wp-content\/uploads\/sites\/2\/2025\/05\/Presentacion_Page_028.jpg\",\"datePublished\":\"2025-05-26T19:04:30+00:00\",\"dateModified\":\"2025-05-27T12:01:49+00:00\",\"author\":{\"@id\":\"https:\/\/e-zeppelin.ro\/en\/#\/schema\/person\/9a9eba52dfa3e9941be121e718c5a943\"},\"description\":\"Javier Pe\u00f1a Ib\u00e1\u00f1ez started the Conc\u00e9ntrico festival in Logro\u00f1o during his student years. From the outset, curiosity and experimentation were the pillars on which the future of this initiative was built\u2014an initiative which now takes place in Madrid and Barcelona, with interventions also in Bucharest.\",\"inLanguage\":\"en-US\",\"potentialAction\":[{\"@type\":\"ReadAction\",\"target\":[\"https:\/\/e-zeppelin.ro\/en\/local-gesture-global-impact-interview-with-javier-pena-ibanez-director-of-concentrico-the-international-festival-of-design-and-architecture-in-logrono\/\"]}]},{\"@type\":\"ImageObject\",\"inLanguage\":\"en-US\",\"@id\":\"https:\/\/e-zeppelin.ro\/en\/local-gesture-global-impact-interview-with-javier-pena-ibanez-director-of-concentrico-the-international-festival-of-design-and-architecture-in-logrono\/#primaryimage\",\"url\":\"https:\/\/e-zeppelin.ro\/en\/wp-content\/uploads\/sites\/2\/2025\/05\/Presentacion_Page_028.jpg\",\"contentUrl\":\"https:\/\/e-zeppelin.ro\/en\/wp-content\/uploads\/sites\/2\/2025\/05\/Presentacion_Page_028.jpg\",\"width\":820,\"height\":461,\"caption\":\"Local Gesture, Global Impact. Interview with Javier Pe\u00f1a Ib\u00e1\u00f1ez, Director of Conc\u00e9ntrico, the International Festival of Design and Architecture in Logro\u00f1o\"},{\"@type\":\"WebSite\",\"@id\":\"https:\/\/e-zeppelin.ro\/en\/#website\",\"url\":\"https:\/\/e-zeppelin.ro\/en\/\",\"name\":\"e-zeppelin\",\"description\":\"zeppelin magazine site\",\"potentialAction\":[{\"@type\":\"SearchAction\",\"target\":{\"@type\":\"EntryPoint\",\"urlTemplate\":\"https:\/\/e-zeppelin.ro\/en\/?s={search_term_string}\"},\"query-input\":{\"@type\":\"PropertyValueSpecification\",\"valueRequired\":true,\"valueName\":\"search_term_string\"}}],\"inLanguage\":\"en-US\"},{\"@type\":\"Person\",\"@id\":\"https:\/\/e-zeppelin.ro\/en\/#\/schema\/person\/9a9eba52dfa3e9941be121e718c5a943\",\"name\":\"Nickname\",\"url\":\"https:\/\/e-zeppelin.ro\/en\/author\/admin\/\"}]}<\/script>\n<!-- \/ Yoast SEO plugin. -->","yoast_head_json":{"title":"Local Gesture, Global Impact. Interview with Javier Pe\u00f1a Ib\u00e1\u00f1ez, Director of Conc\u00e9ntrico, the International Festival of Design and Architecture in Logro\u00f1o","description":"Javier Pe\u00f1a Ib\u00e1\u00f1ez started the Conc\u00e9ntrico festival in Logro\u00f1o during his student years. From the outset, curiosity and experimentation were the pillars on which the future of this initiative was built\u2014an initiative which now takes place in Madrid and Barcelona, with interventions also in Bucharest.","robots":{"index":"index","follow":"follow","max-snippet":"max-snippet:-1","max-image-preview":"max-image-preview:large","max-video-preview":"max-video-preview:-1"},"canonical":"https:\/\/e-zeppelin.ro\/en\/local-gesture-global-impact-interview-with-javier-pena-ibanez-director-of-concentrico-the-international-festival-of-design-and-architecture-in-logrono\/","og_locale":"en_US","og_type":"article","og_title":"Local Gesture, Global Impact. Interview with Javier Pe\u00f1a Ib\u00e1\u00f1ez, Director of Conc\u00e9ntrico, the International Festival of Design and Architecture in Logro\u00f1o","og_description":"Javier Pe\u00f1a Ib\u00e1\u00f1ez started the Conc\u00e9ntrico festival in Logro\u00f1o during his student years. From the outset, curiosity and experimentation were the pillars on which the future of this initiative was built\u2014an initiative which now takes place in Madrid and Barcelona, with interventions also in Bucharest.","og_url":"https:\/\/e-zeppelin.ro\/en\/local-gesture-global-impact-interview-with-javier-pena-ibanez-director-of-concentrico-the-international-festival-of-design-and-architecture-in-logrono\/","og_site_name":"e-zeppelin","article_published_time":"2025-05-26T19:04:30+00:00","article_modified_time":"2025-05-27T12:01:49+00:00","og_image":[{"width":820,"height":461,"url":"https:\/\/e-zeppelin.ro\/en\/wp-content\/uploads\/sites\/2\/2025\/05\/Presentacion_Page_028.jpg","type":"image\/jpeg"}],"author":"Nickname","twitter_card":"summary_large_image","twitter_misc":{"Written by":"Nickname","Est. reading time":"10 minutes"},"schema":{"@context":"https:\/\/schema.org","@graph":[{"@type":"WebPage","@id":"https:\/\/e-zeppelin.ro\/en\/local-gesture-global-impact-interview-with-javier-pena-ibanez-director-of-concentrico-the-international-festival-of-design-and-architecture-in-logrono\/","url":"https:\/\/e-zeppelin.ro\/en\/local-gesture-global-impact-interview-with-javier-pena-ibanez-director-of-concentrico-the-international-festival-of-design-and-architecture-in-logrono\/","name":"Local Gesture, Global Impact. Interview with Javier Pe\u00f1a Ib\u00e1\u00f1ez, Director of Conc\u00e9ntrico, the International Festival of Design and Architecture in Logro\u00f1o","isPartOf":{"@id":"https:\/\/e-zeppelin.ro\/en\/#website"},"primaryImageOfPage":{"@id":"https:\/\/e-zeppelin.ro\/en\/local-gesture-global-impact-interview-with-javier-pena-ibanez-director-of-concentrico-the-international-festival-of-design-and-architecture-in-logrono\/#primaryimage"},"image":{"@id":"https:\/\/e-zeppelin.ro\/en\/local-gesture-global-impact-interview-with-javier-pena-ibanez-director-of-concentrico-the-international-festival-of-design-and-architecture-in-logrono\/#primaryimage"},"thumbnailUrl":"https:\/\/e-zeppelin.ro\/en\/wp-content\/uploads\/sites\/2\/2025\/05\/Presentacion_Page_028.jpg","datePublished":"2025-05-26T19:04:30+00:00","dateModified":"2025-05-27T12:01:49+00:00","author":{"@id":"https:\/\/e-zeppelin.ro\/en\/#\/schema\/person\/9a9eba52dfa3e9941be121e718c5a943"},"description":"Javier Pe\u00f1a Ib\u00e1\u00f1ez started the Conc\u00e9ntrico festival in Logro\u00f1o during his student years. From the outset, curiosity and experimentation were the pillars on which the future of this initiative was built\u2014an initiative which now takes place in Madrid and Barcelona, with interventions also in Bucharest.","inLanguage":"en-US","potentialAction":[{"@type":"ReadAction","target":["https:\/\/e-zeppelin.ro\/en\/local-gesture-global-impact-interview-with-javier-pena-ibanez-director-of-concentrico-the-international-festival-of-design-and-architecture-in-logrono\/"]}]},{"@type":"ImageObject","inLanguage":"en-US","@id":"https:\/\/e-zeppelin.ro\/en\/local-gesture-global-impact-interview-with-javier-pena-ibanez-director-of-concentrico-the-international-festival-of-design-and-architecture-in-logrono\/#primaryimage","url":"https:\/\/e-zeppelin.ro\/en\/wp-content\/uploads\/sites\/2\/2025\/05\/Presentacion_Page_028.jpg","contentUrl":"https:\/\/e-zeppelin.ro\/en\/wp-content\/uploads\/sites\/2\/2025\/05\/Presentacion_Page_028.jpg","width":820,"height":461,"caption":"Local Gesture, Global Impact. Interview with Javier Pe\u00f1a Ib\u00e1\u00f1ez, Director of Conc\u00e9ntrico, the International Festival of Design and Architecture in Logro\u00f1o"},{"@type":"WebSite","@id":"https:\/\/e-zeppelin.ro\/en\/#website","url":"https:\/\/e-zeppelin.ro\/en\/","name":"e-zeppelin","description":"zeppelin magazine site","potentialAction":[{"@type":"SearchAction","target":{"@type":"EntryPoint","urlTemplate":"https:\/\/e-zeppelin.ro\/en\/?s={search_term_string}"},"query-input":{"@type":"PropertyValueSpecification","valueRequired":true,"valueName":"search_term_string"}}],"inLanguage":"en-US"},{"@type":"Person","@id":"https:\/\/e-zeppelin.ro\/en\/#\/schema\/person\/9a9eba52dfa3e9941be121e718c5a943","name":"Nickname","url":"https:\/\/e-zeppelin.ro\/en\/author\/admin\/"}]}},"_links":{"self":[{"href":"https:\/\/e-zeppelin.ro\/en\/wp-json\/wp\/v2\/posts\/14179","targetHints":{"allow":["GET"]}}],"collection":[{"href":"https:\/\/e-zeppelin.ro\/en\/wp-json\/wp\/v2\/posts"}],"about":[{"href":"https:\/\/e-zeppelin.ro\/en\/wp-json\/wp\/v2\/types\/post"}],"author":[{"embeddable":true,"href":"https:\/\/e-zeppelin.ro\/en\/wp-json\/wp\/v2\/users\/1"}],"replies":[{"embeddable":true,"href":"https:\/\/e-zeppelin.ro\/en\/wp-json\/wp\/v2\/comments?post=14179"}],"version-history":[{"count":4,"href":"https:\/\/e-zeppelin.ro\/en\/wp-json\/wp\/v2\/posts\/14179\/revisions"}],"predecessor-version":[{"id":14221,"href":"https:\/\/e-zeppelin.ro\/en\/wp-json\/wp\/v2\/posts\/14179\/revisions\/14221"}],"wp:featuredmedia":[{"embeddable":true,"href":"https:\/\/e-zeppelin.ro\/en\/wp-json\/wp\/v2\/media\/14180"}],"wp:attachment":[{"href":"https:\/\/e-zeppelin.ro\/en\/wp-json\/wp\/v2\/media?parent=14179"}],"wp:term":[{"taxonomy":"category","embeddable":true,"href":"https:\/\/e-zeppelin.ro\/en\/wp-json\/wp\/v2\/categories?post=14179"},{"taxonomy":"post_tag","embeddable":true,"href":"https:\/\/e-zeppelin.ro\/en\/wp-json\/wp\/v2\/tags?post=14179"}],"curies":[{"name":"wp","href":"https:\/\/api.w.org\/{rel}","templated":true}]}}